{"id":3797,"date":"2017-08-09T19:34:05","date_gmt":"2017-08-09T17:34:05","guid":{"rendered":"https:\/\/www.tanja-askani.de\/hp\/?p=3797"},"modified":"2020-03-25T19:37:10","modified_gmt":"2020-03-25T18:37:10","slug":"grundimmunisierung-der-kleinsten","status":"publish","type":"post","link":"https:\/\/www.tanja-askani.de\/?p=3797","title":{"rendered":"Grundimmunisierung der Kleinsten"},"content":{"rendered":"<div class=\"gdlr-core-gallery-shortcode-grid-fixed clearfix\" ><div class=\" gdlr-core-gallery-shortcode-item gdlr-core-media-image  gdlr-core-first\" ><a  class=\"gdlr-core-ilightbox gdlr-core-js \" href=\"https:\/\/www.tanja-askani.de\/wp-content\/uploads\/2020\/03\/ta_backstage_170809_1.jpg\" data-ilightbox-group=\"gdlr-core-img-group-1\" data-type=\"image\"  ><img loading=\"lazy\" decoding=\"async\" src=\"https:\/\/www.tanja-askani.de\/wp-content\/uploads\/2020\/03\/ta_backstage_170809_1-500x692.jpg\" width=\"500\" height=\"692\" alt=\"\" ><\/a><\/div><div class=\"gdlr-core-gallery-shortcode-item-right\" ><div class=\" gdlr-core-gallery-shortcode-item gdlr-core-media-image  gdlr-core-second\" ><a  class=\"gdlr-core-ilightbox gdlr-core-js \" href=\"https:\/\/www.tanja-askani.de\/wp-content\/uploads\/2020\/03\/ta_backstage_170809_2.jpg\" data-ilightbox-group=\"gdlr-core-img-group-1\" data-type=\"image\"  ><img loading=\"lazy\" decoding=\"async\" src=\"https:\/\/www.tanja-askani.de\/wp-content\/uploads\/2020\/03\/ta_backstage_170809_2-500x346.jpg\" width=\"500\" height=\"346\" alt=\"\" ><\/a><\/div><\/div><\/div>\n<p>Am 10.03.2019 besuchte uns ein Filmteam aus Tschechien, um eine Reportage \u00fcber W\u00f6lfe zu drehen. Die Dreharbeiten erfolgten in str\u00f6mendem Regen.<\/p>\n","protected":false},"excerpt":{"rendered":"<p> Am 09.08.2017 wurden unsere Kleinsten \u2013 Mischa, Vasja, Petja und Kolja \u2013 grundimmunisiert. Die kleine Impfung haben sie kaum bemerkt. Viel interessanter fanden sie die Fotoausr\u00fcstung des Fotografen Adrian Fohl (Digitale Medien), der den Besuch der Tier\u00e4rztin dokumentierte. <\/p>\n","protected":false},"author":1,"featured_media":0,"comment_status":"closed","ping_status":"closed","sticky":false,"template":"","format":"gallery","meta":{"footnotes":""},"categories":[4],"tags":[16,13],"class_list":["post-3797","post","type-post","status-publish","format-gallery","hentry","category-post-format","tag-photography","tag-nature","post_format-post-format-gallery"],"_links":{"self":[{"href":"https:\/\/www.tanja-askani.de\/index.php?rest_route=\/wp\/v2\/posts\/3797","targetHints":{"allow":["GET"]}}],"collection":[{"href":"https:\/\/www.tanja-askani.de\/index.php?rest_route=\/wp\/v2\/posts"}],"about":[{"href":"https:\/\/www.tanja-askani.de\/index.php?rest_route=\/wp\/v2\/types\/post"}],"author":[{"embeddable":true,"href":"https:\/\/www.tanja-askani.de\/index.php?rest_route=\/wp\/v2\/users\/1"}],"replies":[{"embeddable":true,"href":"https:\/\/www.tanja-askani.de\/index.php?rest_route=%2Fwp%2Fv2%2Fcomments&post=3797"}],"version-history":[{"count":2,"href":"https:\/\/www.tanja-askani.de\/index.php?rest_route=\/wp\/v2\/posts\/3797\/revisions"}],"predecessor-version":[{"id":3802,"href":"https:\/\/www.tanja-askani.de\/index.php?rest_route=\/wp\/v2\/posts\/3797\/revisions\/3802"}],"wp:attachment":[{"href":"https:\/\/www.tanja-askani.de\/index.php?rest_route=%2Fwp%2Fv2%2Fmedia&parent=3797"}],"wp:term":[{"taxonomy":"category","embeddable":true,"href":"https:\/\/www.tanja-askani.de\/index.php?rest_route=%2Fwp%2Fv2%2Fcategories&post=3797"},{"taxonomy":"post_tag","embeddable":true,"href":"https:\/\/www.tanja-askani.de\/index.php?rest_route=%2Fwp%2Fv2%2Ftags&post=3797"}],"curies":[{"name":"wp","href":"https:\/\/api.w.org\/{rel}","templated":true}]}}