{"id":3817,"date":"2017-05-03T19:45:32","date_gmt":"2017-05-03T17:45:32","guid":{"rendered":"https:\/\/www.tanja-askani.de\/hp\/?p=3817"},"modified":"2020-03-25T19:46:55","modified_gmt":"2020-03-25T18:46:55","slug":"reportage-von-brandpunkt-tv","status":"publish","type":"post","link":"https:\/\/www.tanja-askani.de\/?p=3817","title":{"rendered":"Reportage von Brandpunkt TV"},"content":{"rendered":"<div class=\"gdlr-core-gallery-shortcode-grid-fixed clearfix\" ><div class=\" gdlr-core-gallery-shortcode-item gdlr-core-media-image  gdlr-core-first\" ><a  class=\"gdlr-core-ilightbox gdlr-core-js \" href=\"https:\/\/www.tanja-askani.de\/wp-content\/uploads\/2017\/05\/ta_backstage_170503_1.jpg\" data-ilightbox-group=\"gdlr-core-img-group-1\" data-type=\"image\"  ><img loading=\"lazy\" decoding=\"async\" src=\"https:\/\/www.tanja-askani.de\/wp-content\/uploads\/2017\/05\/ta_backstage_170503_1-500x692.jpg\" width=\"500\" height=\"692\" alt=\"\" ><\/a><\/div><div class=\"gdlr-core-gallery-shortcode-item-right\" ><div class=\" gdlr-core-gallery-shortcode-item gdlr-core-media-image  gdlr-core-second\" ><a  class=\"gdlr-core-ilightbox gdlr-core-js \" href=\"https:\/\/www.tanja-askani.de\/wp-content\/uploads\/2017\/05\/ta_backstage_170503_2.jpg\" data-ilightbox-group=\"gdlr-core-img-group-1\" data-type=\"image\"  ><img loading=\"lazy\" decoding=\"async\" src=\"https:\/\/www.tanja-askani.de\/wp-content\/uploads\/2017\/05\/ta_backstage_170503_2-500x346.jpg\" width=\"500\" height=\"346\" alt=\"\" ><\/a><\/div><\/div><\/div>\n","protected":false},"excerpt":{"rendered":"<p>Am 03.05.2017 besucht die W\u00f6lfe Reporter Jelle Visser (Brandpunkt TV) aus Holland, um im Wildpark L\u00fcneburger Heide eine Reportage \u00fcber W\u00f6lfe zu drehen. Auch unsere Parkbesucher wurden nach ihrer Meinung \u00fcber die R\u00fcckkehr der W\u00f6lfe nach Deutschland gefragt. <\/p>\n","protected":false},"author":1,"featured_media":0,"comment_status":"closed","ping_status":"closed","sticky":false,"template":"","format":"gallery","meta":{"footnotes":""},"categories":[4],"tags":[],"class_list":["post-3817","post","type-post","status-publish","format-gallery","hentry","category-post-format","post_format-post-format-gallery"],"_links":{"self":[{"href":"https:\/\/www.tanja-askani.de\/index.php?rest_route=\/wp\/v2\/posts\/3817","targetHints":{"allow":["GET"]}}],"collection":[{"href":"https:\/\/www.tanja-askani.de\/index.php?rest_route=\/wp\/v2\/posts"}],"about":[{"href":"https:\/\/www.tanja-askani.de\/index.php?rest_route=\/wp\/v2\/types\/post"}],"author":[{"embeddable":true,"href":"https:\/\/www.tanja-askani.de\/index.php?rest_route=\/wp\/v2\/users\/1"}],"replies":[{"embeddable":true,"href":"https:\/\/www.tanja-askani.de\/index.php?rest_route=%2Fwp%2Fv2%2Fcomments&post=3817"}],"version-history":[{"count":3,"href":"https:\/\/www.tanja-askani.de\/index.php?rest_route=\/wp\/v2\/posts\/3817\/revisions"}],"predecessor-version":[{"id":3822,"href":"https:\/\/www.tanja-askani.de\/index.php?rest_route=\/wp\/v2\/posts\/3817\/revisions\/3822"}],"wp:attachment":[{"href":"https:\/\/www.tanja-askani.de\/index.php?rest_route=%2Fwp%2Fv2%2Fmedia&parent=3817"}],"wp:term":[{"taxonomy":"category","embeddable":true,"href":"https:\/\/www.tanja-askani.de\/index.php?rest_route=%2Fwp%2Fv2%2Fcategories&post=3817"},{"taxonomy":"post_tag","embeddable":true,"href":"https:\/\/www.tanja-askani.de\/index.php?rest_route=%2Fwp%2Fv2%2Ftags&post=3817"}],"curies":[{"name":"wp","href":"https:\/\/api.w.org\/{rel}","templated":true}]}}