{"id":5490,"date":"2011-03-23T22:35:57","date_gmt":"2011-03-23T21:35:57","guid":{"rendered":"https:\/\/www.tanja-askani.de\/?p=5490"},"modified":"2024-05-29T20:55:56","modified_gmt":"2024-05-29T18:55:56","slug":"erstausstrahlung-wolfskind-naaja-von-kanada-in-die-heide","status":"publish","type":"post","link":"https:\/\/www.tanja-askani.de\/?p=5490","title":{"rendered":"Erstausstrahlung: Wolfskind Naaja &#8211; Von Kanada in die Heide"},"content":{"rendered":"<div class=\"gdlr-core-gallery-shortcode-wrap gdlr-core-item-rvpdlr\" ><div class=\"gdlr-core-gallery-item gdlr-core-item-pdb clearfix  gdlr-core-gallery-item-style-slider gdlr-core-item-pdlr \" style=\"padding-bottom: 0px ;\"  ><div class=\"gdlr-core-flexslider flexslider gdlr-core-js-2 \" data-type=\"slider\" data-nav=\"bullet\"  ><ul class=\"slides\" ><li  ><div class=\"gdlr-core-gallery-list gdlr-core-media-image\"  ><a  class=\"gdlr-core-ilightbox gdlr-core-js \" href=\"https:\/\/www.tanja-askani.de\/wp-content\/uploads\/2023\/12\/ta_backstage_naaja01-1.jpg\" data-ilightbox-group=\"gdlr-core-img-group-2\" data-type=\"image\" ><img loading=\"lazy\" decoding=\"async\" src=\"https:\/\/www.tanja-askani.de\/wp-content\/uploads\/2023\/12\/ta_backstage_naaja01-1-150x150.jpg\" alt=\"\" width=\"150\" height=\"150\" title=\"ta_backstage_naaja01\" \/><\/a><\/div><\/li><li  ><div class=\"gdlr-core-gallery-list gdlr-core-media-image\"  ><a  class=\"gdlr-core-ilightbox gdlr-core-js \" href=\"https:\/\/www.tanja-askani.de\/wp-content\/uploads\/2023\/12\/ta_backstage_naaja02-1.jpg\" data-ilightbox-group=\"gdlr-core-img-group-2\" data-type=\"image\" ><img loading=\"lazy\" decoding=\"async\" src=\"https:\/\/www.tanja-askani.de\/wp-content\/uploads\/2023\/12\/ta_backstage_naaja02-1-150x150.jpg\" alt=\"\" width=\"150\" height=\"150\" title=\"ta_backstage_naaja02\" \/><\/a><\/div><\/li><li  ><div class=\"gdlr-core-gallery-list gdlr-core-media-image\"  ><a  class=\"gdlr-core-ilightbox gdlr-core-js \" href=\"https:\/\/www.tanja-askani.de\/wp-content\/uploads\/2023\/12\/ta_backstage_naaja03-1.jpg\" data-ilightbox-group=\"gdlr-core-img-group-2\" data-type=\"image\" ><img loading=\"lazy\" decoding=\"async\" src=\"https:\/\/www.tanja-askani.de\/wp-content\/uploads\/2023\/12\/ta_backstage_naaja03-1-150x150.jpg\" alt=\"\" width=\"150\" height=\"150\" title=\"ta_backstage_naaja03\" \/><\/a><\/div><\/li><li  ><div class=\"gdlr-core-gallery-list gdlr-core-media-image\"  ><a  class=\"gdlr-core-ilightbox gdlr-core-js \" href=\"https:\/\/www.tanja-askani.de\/wp-content\/uploads\/2023\/12\/ta_backstage_naaja04-1.jpg\" data-ilightbox-group=\"gdlr-core-img-group-2\" data-type=\"image\" ><img loading=\"lazy\" decoding=\"async\" src=\"https:\/\/www.tanja-askani.de\/wp-content\/uploads\/2023\/12\/ta_backstage_naaja04-1-150x150.jpg\" alt=\"\" width=\"150\" height=\"150\" title=\"ta_backstage_naaja04\" \/><\/a><\/div><\/li><\/ul><\/div><\/div><\/div>\n","protected":false},"excerpt":{"rendered":"<p>Naaja &#8211; die wei\u00dfe W\u00f6lfin aus Kanada &#8211; wurde auf ihrem Lebensweg ein halbes Jahr lang von einem erfahrenen Fernseherteam begleitet. Die halbst\u00fcndige Reportage berichtet \u00fcber die abenteuerliche Kanadareise und \u00fcber die Entwicklung der kleinen Kanadierin nach ihrer Ankunft in der L\u00fcneburger Heide. Autor: Elisabeth Bergmann, Kamera: Bernd Zink, Ton: Eike Nerling<\/p>\n","protected":false},"author":3,"featured_media":0,"comment_status":"closed","ping_status":"closed","sticky":false,"template":"","format":"gallery","meta":{"footnotes":""},"categories":[4,2],"tags":[],"class_list":["post-5490","post","type-post","status-publish","format-gallery","hentry","category-post-format","category-blog","post_format-post-format-gallery"],"_links":{"self":[{"href":"https:\/\/www.tanja-askani.de\/index.php?rest_route=\/wp\/v2\/posts\/5490","targetHints":{"allow":["GET"]}}],"collection":[{"href":"https:\/\/www.tanja-askani.de\/index.php?rest_route=\/wp\/v2\/posts"}],"about":[{"href":"https:\/\/www.tanja-askani.de\/index.php?rest_route=\/wp\/v2\/types\/post"}],"author":[{"embeddable":true,"href":"https:\/\/www.tanja-askani.de\/index.php?rest_route=\/wp\/v2\/users\/3"}],"replies":[{"embeddable":true,"href":"https:\/\/www.tanja-askani.de\/index.php?rest_route=%2Fwp%2Fv2%2Fcomments&post=5490"}],"version-history":[{"count":5,"href":"https:\/\/www.tanja-askani.de\/index.php?rest_route=\/wp\/v2\/posts\/5490\/revisions"}],"predecessor-version":[{"id":5784,"href":"https:\/\/www.tanja-askani.de\/index.php?rest_route=\/wp\/v2\/posts\/5490\/revisions\/5784"}],"wp:attachment":[{"href":"https:\/\/www.tanja-askani.de\/index.php?rest_route=%2Fwp%2Fv2%2Fmedia&parent=5490"}],"wp:term":[{"taxonomy":"category","embeddable":true,"href":"https:\/\/www.tanja-askani.de\/index.php?rest_route=%2Fwp%2Fv2%2Fcategories&post=5490"},{"taxonomy":"post_tag","embeddable":true,"href":"https:\/\/www.tanja-askani.de\/index.php?rest_route=%2Fwp%2Fv2%2Ftags&post=5490"}],"curies":[{"name":"wp","href":"https:\/\/api.w.org\/{rel}","templated":true}]}}