{"id":5523,"date":"2010-07-14T17:14:51","date_gmt":"2010-07-14T15:14:51","guid":{"rendered":"https:\/\/www.tanja-askani.de\/?p=5523"},"modified":"2024-08-19T04:02:09","modified_gmt":"2024-08-19T02:02:09","slug":"dreharbeiten-fuer-die-reportage-wolfskind-naaja-2","status":"publish","type":"post","link":"https:\/\/www.tanja-askani.de\/?p=5523","title":{"rendered":"Dreharbeiten f\u00fcr die Reportage \u201eWolfskind Naaja\u201c"},"content":{"rendered":"<div class=\"gdlr-core-gallery-shortcode-wrap gdlr-core-item-rvpdlr\" ><div class=\"gdlr-core-gallery-item gdlr-core-item-pdb clearfix  gdlr-core-gallery-item-style-slider gdlr-core-item-pdlr \" style=\"padding-bottom: 0px ;\"  ><div class=\"gdlr-core-flexslider flexslider gdlr-core-js-2 \" data-type=\"slider\" data-nav=\"bullet\"  ><ul class=\"slides\" ><li  ><div class=\"gdlr-core-gallery-list gdlr-core-media-image\"  ><a  class=\"gdlr-core-ilightbox gdlr-core-js \" href=\"https:\/\/www.tanja-askani.de\/wp-content\/uploads\/2024\/01\/ta_backstage_100825_gr01.jpg\" data-ilightbox-group=\"gdlr-core-img-group-2\" data-type=\"image\" ><img loading=\"lazy\" decoding=\"async\" src=\"https:\/\/www.tanja-askani.de\/wp-content\/uploads\/2024\/01\/ta_backstage_100825_gr01-150x150.jpg\" alt=\"\" width=\"150\" height=\"150\" title=\"ta_backstage_100825_gr01\" \/><\/a><\/div><\/li><li  ><div class=\"gdlr-core-gallery-list gdlr-core-media-image\"  ><a  class=\"gdlr-core-ilightbox gdlr-core-js \" href=\"https:\/\/www.tanja-askani.de\/wp-content\/uploads\/2024\/01\/ta_backstage_100825_gr02.jpg\" data-ilightbox-group=\"gdlr-core-img-group-2\" data-type=\"image\" ><img loading=\"lazy\" decoding=\"async\" src=\"https:\/\/www.tanja-askani.de\/wp-content\/uploads\/2024\/01\/ta_backstage_100825_gr02-150x150.jpg\" alt=\"\" width=\"150\" height=\"150\" title=\"ta_backstage_100825_gr02\" \/><\/a><\/div><\/li><\/ul><\/div><\/div><\/div>\n","protected":false},"excerpt":{"rendered":"<p>Heute drehen wir auch bei den Grauw\u00f6lfen. Diesmal sch\u00fctzen wir unsere Ausr\u00fcstung mit einem kleinem Elektrozaun. <\/p>\n","protected":false},"author":3,"featured_media":0,"comment_status":"closed","ping_status":"closed","sticky":false,"template":"","format":"gallery","meta":{"footnotes":""},"categories":[4,2],"tags":[],"class_list":["post-5523","post","type-post","status-publish","format-gallery","hentry","category-post-format","category-blog","post_format-post-format-gallery"],"_links":{"self":[{"href":"https:\/\/www.tanja-askani.de\/index.php?rest_route=\/wp\/v2\/posts\/5523","targetHints":{"allow":["GET"]}}],"collection":[{"href":"https:\/\/www.tanja-askani.de\/index.php?rest_route=\/wp\/v2\/posts"}],"about":[{"href":"https:\/\/www.tanja-askani.de\/index.php?rest_route=\/wp\/v2\/types\/post"}],"author":[{"embeddable":true,"href":"https:\/\/www.tanja-askani.de\/index.php?rest_route=\/wp\/v2\/users\/3"}],"replies":[{"embeddable":true,"href":"https:\/\/www.tanja-askani.de\/index.php?rest_route=%2Fwp%2Fv2%2Fcomments&post=5523"}],"version-history":[{"count":3,"href":"https:\/\/www.tanja-askani.de\/index.php?rest_route=\/wp\/v2\/posts\/5523\/revisions"}],"predecessor-version":[{"id":5813,"href":"https:\/\/www.tanja-askani.de\/index.php?rest_route=\/wp\/v2\/posts\/5523\/revisions\/5813"}],"wp:attachment":[{"href":"https:\/\/www.tanja-askani.de\/index.php?rest_route=%2Fwp%2Fv2%2Fmedia&parent=5523"}],"wp:term":[{"taxonomy":"category","embeddable":true,"href":"https:\/\/www.tanja-askani.de\/index.php?rest_route=%2Fwp%2Fv2%2Fcategories&post=5523"},{"taxonomy":"post_tag","embeddable":true,"href":"https:\/\/www.tanja-askani.de\/index.php?rest_route=%2Fwp%2Fv2%2Ftags&post=5523"}],"curies":[{"name":"wp","href":"https:\/\/api.w.org\/{rel}","templated":true}]}}