{"id":5729,"date":"2002-06-27T14:45:58","date_gmt":"2002-06-27T12:45:58","guid":{"rendered":"https:\/\/www.tanja-askani.de\/?p=5729"},"modified":"2024-01-03T14:47:13","modified_gmt":"2024-01-03T13:47:13","slug":"abkuehlung-mit-ingrid-van-bergen","status":"publish","type":"post","link":"https:\/\/www.tanja-askani.de\/?p=5729","title":{"rendered":"Abk\u00fchlung mit Ingrid van Bergen"},"content":{"rendered":"<div class=\"gdlr-core-gallery-shortcode-wrap gdlr-core-item-rvpdlr\" ><div class=\"gdlr-core-gallery-item gdlr-core-item-pdb clearfix  gdlr-core-gallery-item-style-slider gdlr-core-item-pdlr \" style=\"padding-bottom: 0px ;\"  ><div class=\"gdlr-core-flexslider flexslider gdlr-core-js-2 \" data-type=\"slider\" data-nav=\"bullet\"  ><ul class=\"slides\" ><li  ><div class=\"gdlr-core-gallery-list gdlr-core-media-image\"  ><a  class=\"gdlr-core-ilightbox gdlr-core-js \" href=\"https:\/\/www.tanja-askani.de\/wp-content\/uploads\/2024\/01\/ta_backstage_020627_1.jpg\" data-ilightbox-group=\"gdlr-core-img-group-2\" data-type=\"image\" ><img loading=\"lazy\" decoding=\"async\" src=\"https:\/\/www.tanja-askani.de\/wp-content\/uploads\/2024\/01\/ta_backstage_020627_1-150x150.jpg\" alt=\"\" width=\"150\" height=\"150\" title=\"ta_backstage_020627_1\" \/><\/a><\/div><\/li><li  ><div class=\"gdlr-core-gallery-list gdlr-core-media-image\"  ><a  class=\"gdlr-core-ilightbox gdlr-core-js \" href=\"https:\/\/www.tanja-askani.de\/wp-content\/uploads\/2024\/01\/ta_backstage_020627_2.jpg\" data-ilightbox-group=\"gdlr-core-img-group-2\" data-type=\"image\" ><img loading=\"lazy\" decoding=\"async\" src=\"https:\/\/www.tanja-askani.de\/wp-content\/uploads\/2024\/01\/ta_backstage_020627_2-150x150.jpg\" alt=\"\" width=\"150\" height=\"150\" title=\"ta_backstage_020627_2\" \/><\/a><\/div><\/li><\/ul><\/div><\/div><\/div>\n","protected":false},"excerpt":{"rendered":"<p>So konnten die Besucher des Wildparks L\u00fcneburger Heide die Schauspielerin und Tiersch\u00fctzerin Ingrid van Bergen heute live erleben. Sie spielte, kuschelte und plantschte an dem hei\u00dfen Tag gemeinsam mit Polarwolf Nanuk am Wasserbrunnen.<\/p>\n","protected":false},"author":3,"featured_media":0,"comment_status":"open","ping_status":"open","sticky":false,"template":"","format":"gallery","meta":{"footnotes":""},"categories":[2,4],"tags":[],"class_list":["post-5729","post","type-post","status-publish","format-gallery","hentry","category-blog","category-post-format","post_format-post-format-gallery"],"_links":{"self":[{"href":"https:\/\/www.tanja-askani.de\/index.php?rest_route=\/wp\/v2\/posts\/5729","targetHints":{"allow":["GET"]}}],"collection":[{"href":"https:\/\/www.tanja-askani.de\/index.php?rest_route=\/wp\/v2\/posts"}],"about":[{"href":"https:\/\/www.tanja-askani.de\/index.php?rest_route=\/wp\/v2\/types\/post"}],"author":[{"embeddable":true,"href":"https:\/\/www.tanja-askani.de\/index.php?rest_route=\/wp\/v2\/users\/3"}],"replies":[{"embeddable":true,"href":"https:\/\/www.tanja-askani.de\/index.php?rest_route=%2Fwp%2Fv2%2Fcomments&post=5729"}],"version-history":[{"count":1,"href":"https:\/\/www.tanja-askani.de\/index.php?rest_route=\/wp\/v2\/posts\/5729\/revisions"}],"predecessor-version":[{"id":5730,"href":"https:\/\/www.tanja-askani.de\/index.php?rest_route=\/wp\/v2\/posts\/5729\/revisions\/5730"}],"wp:attachment":[{"href":"https:\/\/www.tanja-askani.de\/index.php?rest_route=%2Fwp%2Fv2%2Fmedia&parent=5729"}],"wp:term":[{"taxonomy":"category","embeddable":true,"href":"https:\/\/www.tanja-askani.de\/index.php?rest_route=%2Fwp%2Fv2%2Fcategories&post=5729"},{"taxonomy":"post_tag","embeddable":true,"href":"https:\/\/www.tanja-askani.de\/index.php?rest_route=%2Fwp%2Fv2%2Ftags&post=5729"}],"curies":[{"name":"wp","href":"https:\/\/api.w.org\/{rel}","templated":true}]}}