{"id":5834,"date":"2025-03-21T17:23:02","date_gmt":"2025-03-21T16:23:02","guid":{"rendered":"https:\/\/www.tanja-askani.de\/?p=5834"},"modified":"2025-03-30T17:24:50","modified_gmt":"2025-03-30T15:24:50","slug":"gespraeche-beim-fruehstueck-mit-freunden","status":"publish","type":"post","link":"https:\/\/www.tanja-askani.de\/?p=5834","title":{"rendered":"Gespr\u00e4che beim Fr\u00fchst\u00fcck mit Freunden"},"content":{"rendered":"<div class=\"gdlr-core-gallery-shortcode-grid-fixed clearfix\" ><div class=\" gdlr-core-gallery-shortcode-item gdlr-core-media-image  gdlr-core-first\" ><a  class=\"gdlr-core-ilightbox gdlr-core-js \" href=\"https:\/\/www.tanja-askani.de\/wp-content\/uploads\/2025\/03\/250321-1.jpg\" data-ilightbox-group=\"gdlr-core-img-group-1\" data-type=\"image\"  ><img loading=\"lazy\" decoding=\"async\" src=\"https:\/\/www.tanja-askani.de\/wp-content\/uploads\/2025\/03\/250321-1-500x692.jpg\" width=\"500\" height=\"692\" alt=\"\" ><\/a><\/div><div class=\"gdlr-core-gallery-shortcode-item-right\" ><div class=\" gdlr-core-gallery-shortcode-item gdlr-core-media-image  gdlr-core-second\" ><a  class=\"gdlr-core-ilightbox gdlr-core-js \" href=\"https:\/\/www.tanja-askani.de\/wp-content\/uploads\/2025\/03\/250321-2.jpg\" data-ilightbox-group=\"gdlr-core-img-group-1\" data-type=\"image\"  ><img loading=\"lazy\" decoding=\"async\" src=\"https:\/\/www.tanja-askani.de\/wp-content\/uploads\/2025\/03\/250321-2-500x346.jpg\" width=\"500\" height=\"346\" alt=\"\" ><\/a><\/div><\/div><\/div>\n<p>Treffen mit Tierfilmer Matthias Kais und Tierfotograf Guido Meyer. Dreharbeiten f\u00fcr das Projekt \u201eNaturschutz 25\u201c des Tierschutzvereins D\u00fcsseldorf e.V. \u2013 eine f\u00fcnfteilige Doku-Serie zum Thema Wildtiere und Jagd in Deutschland. &nbsp;<\/p>\n","protected":false},"excerpt":{"rendered":"<p>Treffen mit Tierfilmer Matthias Kais und Tierfotograf Guido Meyer. Dreharbeiten f\u00fcr das Projekt \u201eNaturschutz 25\u201c des Tierschutzvereins D\u00fcsseldorf e.V. \u2013 eine f\u00fcnfteilige Doku-Serie zum Thema Wildtiere und Jagd in Deutschland.<\/p>\n","protected":false},"author":1,"featured_media":0,"comment_status":"closed","ping_status":"closed","sticky":false,"template":"","format":"gallery","meta":{"footnotes":""},"categories":[4],"tags":[13,16],"class_list":["post-5834","post","type-post","status-publish","format-gallery","hentry","category-post-format","tag-nature","tag-photography","post_format-post-format-gallery"],"_links":{"self":[{"href":"https:\/\/www.tanja-askani.de\/index.php?rest_route=\/wp\/v2\/posts\/5834","targetHints":{"allow":["GET"]}}],"collection":[{"href":"https:\/\/www.tanja-askani.de\/index.php?rest_route=\/wp\/v2\/posts"}],"about":[{"href":"https:\/\/www.tanja-askani.de\/index.php?rest_route=\/wp\/v2\/types\/post"}],"author":[{"embeddable":true,"href":"https:\/\/www.tanja-askani.de\/index.php?rest_route=\/wp\/v2\/users\/1"}],"replies":[{"embeddable":true,"href":"https:\/\/www.tanja-askani.de\/index.php?rest_route=%2Fwp%2Fv2%2Fcomments&post=5834"}],"version-history":[{"count":2,"href":"https:\/\/www.tanja-askani.de\/index.php?rest_route=\/wp\/v2\/posts\/5834\/revisions"}],"predecessor-version":[{"id":5836,"href":"https:\/\/www.tanja-askani.de\/index.php?rest_route=\/wp\/v2\/posts\/5834\/revisions\/5836"}],"wp:attachment":[{"href":"https:\/\/www.tanja-askani.de\/index.php?rest_route=%2Fwp%2Fv2%2Fmedia&parent=5834"}],"wp:term":[{"taxonomy":"category","embeddable":true,"href":"https:\/\/www.tanja-askani.de\/index.php?rest_route=%2Fwp%2Fv2%2Fcategories&post=5834"},{"taxonomy":"post_tag","embeddable":true,"href":"https:\/\/www.tanja-askani.de\/index.php?rest_route=%2Fwp%2Fv2%2Ftags&post=5834"}],"curies":[{"name":"wp","href":"https:\/\/api.w.org\/{rel}","templated":true}]}}